{"id":2736,"date":"2017-06-06T08:00:00","date_gmt":"2017-06-06T08:00:00","guid":{"rendered":"http:\/\/www.glucotab.at\/?p=2736\/"},"modified":"2019-05-28T19:38:04","modified_gmt":"2019-05-28T19:38:04","slug":"schwerpunktartikel-der-techniker-krankenkasse-hessen","status":"publish","type":"post","link":"https:\/\/www.glucotab.at\/de\/schwerpunktartikel-der-techniker-krankenkasse-hessen\/","title":{"rendered":"Schwerpunktartikel der Techniker-Krankenkasse Hessen"},"content":{"rendered":"<p><strong>Die Techniker-Krankenkasse Hessen w\u00e4hlte die &#8222;Digitale Versorgung von Diabetes-Patienten am Uniklinikum Graz&#8220; als <a href=\"https:\/\/www.tk.de\/tk\/hessen\/tk-spezial-schwerpunkthema\/einfuehrung\/946320\" target=\"_blank\" rel=\"noopener noreferrer\">TK Spezial Schwerpunktthema<\/a>.<\/strong><\/p>\n<p>Prof. Thomas Pieber stellte GlucoTab in einem Gastbeitrag vor.<\/p>\n<p>In Interviews kamen anschlie\u00dfend auch drei Vertreter des Hessischen Gesundheitswesens zu Wort: Dieter Bartsch, Chef der Main-Kinzig-Kliniken und Vizepr\u00e4sident der Hessischen Krankenhausgesellschaft, Frank Dastych, Vorstandsvorsitzender der Kassen\u00e4rztlichen Vereinigung Hessen und Dr. Gottfried von Knoblauch zu Hatzbach, Pr\u00e4sident der Landes\u00e4rztekammer Hessen.<\/p>\n<p>Der Artikel ist nicht mehr online verf\u00fcgbar, kann aber <a href=\"https:\/\/www.glucotab.at\/wp-content\/uploads\/2017-06-06-TK-spezial-Interviews-Experten.pdf\" target=\"_blank\" rel=\"noopener noreferrer\">hier<\/a> heruntergeladen werden.<\/p><\/p>\n","protected":false},"excerpt":{"rendered":"<p>Die Techniker-Krankenkasse Hessen w\u00e4hlte die &#8222;Digitale Versorgung von Diabetes-Patienten am Uniklinikum Graz&#8220; als TK Spezial Schwerpunktthema. Prof. Thomas Pieber stellte GlucoTab in einem Gastbeitrag vor. In Interviews kamen anschlie\u00dfend auch drei Vertreter des Hessischen Gesundheitswesens zu Wort: Dieter Bartsch, Chef der Main-Kinzig-Kliniken und Vizepr\u00e4sident der Hessischen Krankenhausgesellschaft, Frank Dastych, Vorstandsvorsitzender der Kassen\u00e4rztlichen Vereinigung Hessen und [&hellip;]<\/p>\n","protected":false},"author":4,"featured_media":2738,"comment_status":"closed","ping_status":"open","sticky":false,"template":"","format":"standard","meta":{"cybocfi_hide_featured_image":"","footnotes":""},"categories":[13],"tags":[],"class_list":["post-2736","post","type-post","status-publish","format-standard","has-post-thumbnail","hentry","category-news-de"],"_links":{"self":[{"href":"https:\/\/www.glucotab.at\/de\/wp-json\/wp\/v2\/posts\/2736","targetHints":{"allow":["GET"]}}],"collection":[{"href":"https:\/\/www.glucotab.at\/de\/wp-json\/wp\/v2\/posts"}],"about":[{"href":"https:\/\/www.glucotab.at\/de\/wp-json\/wp\/v2\/types\/post"}],"author":[{"embeddable":true,"href":"https:\/\/www.glucotab.at\/de\/wp-json\/wp\/v2\/users\/4"}],"replies":[{"embeddable":true,"href":"https:\/\/www.glucotab.at\/de\/wp-json\/wp\/v2\/comments?post=2736"}],"version-history":[{"count":3,"href":"https:\/\/www.glucotab.at\/de\/wp-json\/wp\/v2\/posts\/2736\/revisions"}],"predecessor-version":[{"id":8044,"href":"https:\/\/www.glucotab.at\/de\/wp-json\/wp\/v2\/posts\/2736\/revisions\/8044"}],"wp:featuredmedia":[{"embeddable":true,"href":"https:\/\/www.glucotab.at\/de\/wp-json\/wp\/v2\/media\/2738"}],"wp:attachment":[{"href":"https:\/\/www.glucotab.at\/de\/wp-json\/wp\/v2\/media?parent=2736"}],"wp:term":[{"taxonomy":"category","embeddable":true,"href":"https:\/\/www.glucotab.at\/de\/wp-json\/wp\/v2\/categories?post=2736"},{"taxonomy":"post_tag","embeddable":true,"href":"https:\/\/www.glucotab.at\/de\/wp-json\/wp\/v2\/tags?post=2736"}],"curies":[{"name":"wp","href":"https:\/\/api.w.org\/{rel}","templated":true}]}}